{"id":1631,"date":"2024-03-06T10:00:10","date_gmt":"2024-03-06T10:00:10","guid":{"rendered":"https:\/\/viajur.sk\/?p=1631"},"modified":"2024-03-18T12:09:02","modified_gmt":"2024-03-18T12:09:02","slug":"cena-doroty-pospisilovej-pre-dunaj-2021","status":"publish","type":"post","link":"https:\/\/viajur.sk\/en\/cena-doroty-pospisilovej-pre-dunaj-2021\/","title":{"rendered":"Cena Doroty Posp\u00ed\u0161ilovej pre Dunaj 2021"},"content":{"rendered":"<section class=\"l-section wpb_row us_custom_53f2b3a3 height_medium\"><div class=\"l-section-h i-cf\"><div class=\"g-cols vc_row via_grid cols_1 laptops-cols_inherit tablets-cols_inherit mobiles-cols_1 valign_top type_default stacking_default\"><div class=\"wpb_column vc_column_container\"><div class=\"vc_column-inner\"><time class=\"w-post-elm post_date us_custom_703f3d0b subtitle subtitle-13 has_text_color entry-date published\" datetime=\"2024-03-06T10:00:10+00:00\" itemprop=\"datePublished\">06.03.2024<\/time><div class=\"wpb_text_column us_custom_744e166d headline headline-fancy has_text_color\"><div class=\"wpb_wrapper\"><h1>Cena Doroty Posp\u00ed\u0161ilovej pre Dunaj 2021<\/h1>\n<\/div><\/div><\/div><\/div><\/div><\/div><\/section><section class=\"l-section wpb_row us_custom_278d8c57 height_medium\"><div class=\"l-section-h i-cf\"><div class=\"g-cols vc_row via_grid cols_1 laptops-cols_inherit tablets-cols_inherit mobiles-cols_1 valign_top type_default stacking_default\"><div class=\"wpb_column vc_column_container\"><div class=\"vc_column-inner\"><div class=\"w-post-elm post_image us_custom_ce72d5ef vj_img_cover has_width has_height stretched\"><img loading=\"lazy\" decoding=\"async\" width=\"1024\" height=\"683\" src=\"https:\/\/viajur.sk\/wp-content\/uploads\/2024\/03\/viajur-katalog-2-1024x683.jpg\" class=\"attachment-large size-large wp-post-image\" alt=\"\" srcset=\"https:\/\/viajur.sk\/wp-content\/uploads\/2024\/03\/viajur-katalog-2-1024x683.jpg 1024w, https:\/\/viajur.sk\/wp-content\/uploads\/2024\/03\/viajur-katalog-2-300x200.jpg 300w, https:\/\/viajur.sk\/wp-content\/uploads\/2024\/03\/viajur-katalog-2.jpg 1600w\" sizes=\"auto, (max-width: 1024px) 100vw, 1024px\" title=\"\"><\/div><\/div><\/div><\/div><\/div><\/section><section class=\"l-section wpb_row us_custom_28cc7a0a height_medium width_custom\" style=\"--site-content-width:760px;\"><div class=\"l-section-h i-cf\"><div class=\"g-cols vc_row via_grid cols_1 laptops-cols_inherit tablets-cols_inherit mobiles-cols_1 valign_top type_default stacking_default\"><div class=\"wpb_column vc_column_container\"><div class=\"vc_column-inner\"><div class=\"wpb_text_column\"><div class=\"wpb_wrapper\"><p>Za\u010diatkom j\u00fana prebehol u\u017e 10. ro\u010dn\u00edk medzin\u00e1rodnej s\u00fa\u0165a\u017ee v\u00edn Danube Wine Challenge, ktorej cie\u013eom je vyzdvihn\u00fa\u0165 kvalitu slovensk\u00e9ho v\u00edna v medzin\u00e1rodnom kontexte. Projekt tie\u017e upriamuje pozornos\u0165 cel\u00e9ho vin\u00e1rskeho sveta na Slovensko, ako na \u0161pi\u010dkov\u00e9ho producenta v\u00edn. Jedna z najvplyvnej\u0161\u00edch s\u00fa\u0165a\u017e\u00ed sveta hostila elitn\u00fdch degust\u00e1torov z 15 kraj\u00edn, ktor\u00ed hodnotili takmer 700 svetov\u00fdch aj dom\u00e1cich v\u00edn.<\/p>\n<p>Sprievodnou akciou s\u00fa\u0165a\u017ee bola aj sl\u00e1vnostn\u00e1 gala degust\u00e1cia \u2013 Danube Wine Day. N\u00e1v\u0161tevn\u00edci mali mo\u017enos\u0165 v bratislavskej Starej Tr\u017enici ochutna\u0165 nielen ocenen\u00e9 s\u00fa\u0165a\u017en\u00e9 v\u00edna, ale aj \u010fal\u0161ie vzorky, a to za prezent\u00e1cie samotn\u00fdch vin\u00e1rov. Akcia moderovan\u00e1 hercami Luciou Hurajovou a Michalom Hud\u00e1kom priniesla aj sl\u00e1vnostn\u00e9 odovzd\u00e1vanie \u0161peci\u00e1lnych ocenen\u00ed DWC 2023.<\/p>\n<p>Mimoriadnym hos\u0165om bola jedna z najv\u00fdznamnej\u0161\u00edch osobnost\u00ed slovensk\u00e9ho vinohradn\u00edctva a vin\u00e1rstva, pani Dorota Posp\u00ed\u0161ilov\u00e1. T\u00e1to v\u00fdznamn\u00e1 slovensk\u00e1 \u0161\u013eachtite\u013eka po\u010das svojej \u00faspe\u0161nej kari\u00e9ry vy\u0161\u013eachtila 24 uzn\u00e1van\u00fdch odr\u00f4d v\u00edna. Cenu za naj\u00faspe\u0161nej\u0161ie v\u00edno z odrody Dunaj si z jej r\u00fak prevzal v\u00fdrobn\u00fd riadite\u013e vin\u00e1rstva VIAJUR Tom\u00e1\u0161 Dilong za v\u00edno Dunaj 2021 z ed\u00edcie Ars in Vino, Vinum in Arte.<\/p>\n<\/div><\/div><\/div><\/div><\/div><\/div><\/section><section class=\"l-section wpb_row us_custom_278d8c57 height_medium width_custom\" style=\"--site-content-width:760px;\"><div class=\"l-section-h i-cf\"><div class=\"g-cols vc_row via_grid cols_1 laptops-cols_inherit tablets-cols_inherit mobiles-cols_1 valign_top type_default stacking_default\"><div class=\"wpb_column vc_column_container\"><div class=\"vc_column-inner\"><div class=\"w-image us_custom_a5d1978f vj_img_cover has_height align_none\"><div class=\"w-image-h\"><img decoding=\"async\" width=\"1024\" height=\"768\" src=\"https:\/\/viajur.sk\/wp-content\/uploads\/2024\/03\/cena-doroty-pospisilovej-1024x768.jpg\" class=\"attachment-large size-large\" alt=\"\" loading=\"lazy\" srcset=\"https:\/\/viajur.sk\/wp-content\/uploads\/2024\/03\/cena-doroty-pospisilovej-1024x768.jpg 1024w, https:\/\/viajur.sk\/wp-content\/uploads\/2024\/03\/cena-doroty-pospisilovej-300x225.jpg 300w, https:\/\/viajur.sk\/wp-content\/uploads\/2024\/03\/cena-doroty-pospisilovej.jpg 1200w\" sizes=\"auto, (max-width: 1024px) 100vw, 1024px\" title=\"\"><\/div><\/div><\/div><\/div><\/div><\/div><\/section><section class=\"l-section wpb_row us_custom_28cc7a0a height_medium width_custom\" style=\"--site-content-width:760px;\"><div class=\"l-section-h i-cf\"><div class=\"g-cols vc_row via_grid cols_1 laptops-cols_inherit tablets-cols_inherit mobiles-cols_1 valign_top type_default stacking_default\"><div class=\"wpb_column vc_column_container\"><div class=\"vc_column-inner\"><div class=\"wpb_text_column\"><div class=\"wpb_wrapper\"><p>S\u00fdta farba tohto v\u00edna s plnou, perzistentnou, pr\u00edjemne sladkastou chu\u0165ou zaujme na prv\u00fd poh\u013ead. V\u00f4\u0148a je pln\u00e1 drobn\u00e9ho bobu\u013eov\u00e9ho ovocia, doplnen\u00e1 jemn\u00fdm korenist\u00fdm t\u00f3nom. Eleganciu v\u00edna dop\u013a\u0148a aj umeleck\u00e1 etiketa od slovensk\u00e9ho maliara a soch\u00e1ra Vladim\u00edra Komp\u00e1neka.<\/p>\n<p>Cel\u00e1 l\u00ednia Ars in vino, vinum in arte je jedine\u010dn\u00fdm spojen\u00edm dvoch umeleck\u00fdch svetov \u2013 vin\u00e1rskeho a maliarskeho. V\u00edno z tejto kolekcie je vyroben\u00e9 z hrozna najvy\u0161\u0161ej kvality a je umeleck\u00fdm dielom z vizu\u00e1lneho ale aj chu\u0165ov\u00e9ho h\u013eadiska. Te\u0161\u00edme sa, \u017ee jeho kvality ocenila u\u017e aj odborn\u00e1 verejnos\u0165.<\/p>\n<p>Ak sa chcete o kvalit\u00e1ch na\u0161ich v\u00edn presved\u010di\u0165 sami, nav\u0161t\u00edvte vin\u00e1rstvo VIAJUR v Ka\u0161tieli P\u00e1lffy v Sv\u00e4tom Jure \u010di Selav\u00ed Wineshop v Ivanke pri Dunaji.<\/p>\n<\/div><\/div><\/div><\/div><\/div><\/div><\/section><section class=\"l-section wpb_row us_custom_8f8a13cb height_medium\"><div class=\"l-section-h i-cf\"><div class=\"g-cols vc_row via_grid cols_1 laptops-cols_inherit tablets-cols_inherit mobiles-cols_1 valign_top type_default stacking_default\"><div class=\"wpb_column vc_column_container\"><div class=\"vc_column-inner\"><div class=\"w-hwrapper vj_separator valign_middle align_center\" style=\"--hwrapper-gap:0rem\"><div class=\"w-image us_custom_569486ee has_height align_center\"><div class=\"w-image-h\"><img decoding=\"async\" width=\"1024\" height=\"1024\" src=\"https:\/\/viajur.sk\/wp-content\/uploads\/2024\/02\/viajur-logo-leaf.svg\" class=\"attachment-large size-large\" alt=\"\" loading=\"lazy\" title=\"\"><\/div><\/div><\/div><\/div><\/div><\/div><\/div><\/section><section class=\"l-section wpb_row us_custom_6b850a03 height_medium\"><div class=\"l-section-h i-cf\"><div class=\"g-cols vc_row via_grid cols_1 laptops-cols_inherit tablets-cols_inherit mobiles-cols_1 valign_top type_default stacking_default\"><div class=\"wpb_column vc_column_container\"><div class=\"vc_column-inner\"><div class=\"wpb_text_column us_custom_eb849559\"><div class=\"wpb_wrapper\"><h2>\u010eal\u0161ie \u010dl\u00e1nky<\/h2>\n<\/div><\/div><\/div><\/div><\/div><\/div><\/section><section class=\"l-section wpb_row us_custom_315e21be height_medium\"><div class=\"l-section-h i-cf\"><div class=\"g-cols vc_row via_grid cols_1 laptops-cols_inherit tablets-cols_inherit mobiles-cols_1 valign_top type_default stacking_default\"><div class=\"wpb_column vc_column_container\"><div class=\"vc_column-inner\"><div class=\"w-grid us_carousel type_carousel layout_1174 preload_style_spinner items_3\" id=\"us_grid_1\" style=\"--items:3;--gap:20px;\"><style>.layout_1174 .w-grid-item-h{}.layout_1174 .usg_vwrapper_1{width:100%!important;max-width:360px!important;margin-left:auto!important;margin-right:auto!important}.layout_1174 .usg_post_image_1{width:100%!important;height:270px!important;max-width:360px!important}.layout_1174 .usg_post_date_1{color:#C1825B!important;margin-top:20px!important;margin-bottom:5px!important}.layout_1174 .usg_post_title_1{color:#191717!important}<\/style><div class=\"w-grid-list owl-carousel valign_stretch dotstyle_circle navstyle_circle arrows-ver-pos_middle arrows-hor-pos_on_sides_outside arrows-disabled_hide owl-responsive-2000\" style=\"--transition-duration:350ms;\">\t<article class=\"w-grid-item post-2833 post type-post status-publish format-standard has-post-thumbnail hentry category-uncategorized-sk\" data-id=\"2833\">\r\n\t\t<div class=\"w-grid-item-h\">\r\n\t\t\t\t\t\t<div class=\"w-vwrapper usg_vwrapper_1 clickbox align_none valign_top\" style=\"--vwrapper-gap:0rem\"><div class=\"w-post-elm post_image usg_post_image_1 vj_img_cover vj_img_overlay has_width has_height stretched\"><a href=\"https:\/\/viajur.sk\/en\/livets-goda-svedsko-viajur-ako-skryty-klenot-slovenska\/\" aria-label=\"Livets Goda (\u0160v\u00e9dsko): VIAJUR ako \u201eskryt\u00fd klenot Slovenska\u201c\"><img loading=\"lazy\" decoding=\"async\" width=\"793\" height=\"1024\" src=\"https:\/\/viajur.sk\/wp-content\/uploads\/2025\/11\/img_1763630224663343-793x1024.jpeg\" class=\"attachment-large size-large wp-post-image\" alt=\"\" srcset=\"https:\/\/viajur.sk\/wp-content\/uploads\/2025\/11\/img_1763630224663343-793x1024.jpeg 793w, https:\/\/viajur.sk\/wp-content\/uploads\/2025\/11\/img_1763630224663343-232x300.jpeg 232w, https:\/\/viajur.sk\/wp-content\/uploads\/2025\/11\/img_1763630224663343-scaled.jpeg 1983w\" sizes=\"auto, (max-width: 793px) 100vw, 793px\" title=\"\"><\/a><\/div><time class=\"w-post-elm post_date usg_post_date_1 subtitle subtitle-13 has_text_color entry-date published\" datetime=\"2025-11-21T13:21:47+00:00\">21.11.2025<\/time><h4 class=\"w-post-elm post_title usg_post_title_1 has_text_color entry-title color_link_inherit\"><a href=\"https:\/\/viajur.sk\/en\/livets-goda-svedsko-viajur-ako-skryty-klenot-slovenska\/\">Livets Goda (\u0160v\u00e9dsko): VIAJUR ako \u201eskryt\u00fd klenot Slovenska\u201c<\/a><\/h4><\/div>\t\t<\/div>\r\n\t\t\t<\/article>\r\n\t<article class=\"w-grid-item post-2752 post type-post status-publish format-standard has-post-thumbnail hentry category-uncategorized-sk\" data-id=\"2752\">\r\n\t\t<div class=\"w-grid-item-h\">\r\n\t\t\t\t\t\t<div class=\"w-vwrapper usg_vwrapper_1 clickbox align_none valign_top\" style=\"--vwrapper-gap:0rem\"><div class=\"w-post-elm post_image usg_post_image_1 vj_img_cover vj_img_overlay has_width has_height stretched\"><a href=\"https:\/\/viajur.sk\/en\/den-otvorenych-dveri\/\" aria-label=\"De\u0148 otvoren\u00fdch dver\u00ed\"><img loading=\"lazy\" decoding=\"async\" width=\"1024\" height=\"1024\" src=\"https:\/\/viajur.sk\/wp-content\/uploads\/2025\/09\/1200x1200-copy-2-1024x1024.jpg\" class=\"attachment-large size-large wp-post-image\" alt=\"\" srcset=\"https:\/\/viajur.sk\/wp-content\/uploads\/2025\/09\/1200x1200-copy-2-1024x1024.jpg 1024w, https:\/\/viajur.sk\/wp-content\/uploads\/2025\/09\/1200x1200-copy-2-300x300.jpg 300w, https:\/\/viajur.sk\/wp-content\/uploads\/2025\/09\/1200x1200-copy-2-150x150.jpg 150w, https:\/\/viajur.sk\/wp-content\/uploads\/2025\/09\/1200x1200-copy-2.jpg 1920w\" sizes=\"auto, (max-width: 1024px) 100vw, 1024px\" title=\"\"><\/a><\/div><time class=\"w-post-elm post_date usg_post_date_1 subtitle subtitle-13 has_text_color entry-date published\" datetime=\"2025-09-02T08:06:22+00:00\">02.09.2025<\/time><h4 class=\"w-post-elm post_title usg_post_title_1 has_text_color entry-title color_link_inherit\"><a href=\"https:\/\/viajur.sk\/en\/den-otvorenych-dveri\/\">De\u0148 otvoren\u00fdch dver\u00ed<\/a><\/h4><\/div>\t\t<\/div>\r\n\t\t\t<\/article>\r\n\t<article class=\"w-grid-item post-2663 post type-post status-publish format-standard has-post-thumbnail hentry category-uncategorized-sk\" data-id=\"2663\">\r\n\t\t<div class=\"w-grid-item-h\">\r\n\t\t\t\t\t\t<div class=\"w-vwrapper usg_vwrapper_1 clickbox align_none valign_top\" style=\"--vwrapper-gap:0rem\"><div class=\"w-post-elm post_image usg_post_image_1 vj_img_cover vj_img_overlay has_width has_height stretched\"><a href=\"https:\/\/viajur.sk\/en\/na-vinalies-internationales-paris-2025-triumfovali-aj-nase-ikony\/\" aria-label=\"Na Vinalies Internationales Paris 2025 triumfovali aj na\u0161e ikony\"><img loading=\"lazy\" decoding=\"async\" width=\"1024\" height=\"683\" src=\"https:\/\/viajur.sk\/wp-content\/uploads\/2025\/03\/vinalies_zlate_vina_2025_webka-1-1024x683.jpg\" class=\"attachment-large size-large wp-post-image\" alt=\"\" srcset=\"https:\/\/viajur.sk\/wp-content\/uploads\/2025\/03\/vinalies_zlate_vina_2025_webka-1-1024x683.jpg 1024w, https:\/\/viajur.sk\/wp-content\/uploads\/2025\/03\/vinalies_zlate_vina_2025_webka-1-300x200.jpg 300w, https:\/\/viajur.sk\/wp-content\/uploads\/2025\/03\/vinalies_zlate_vina_2025_webka-1.jpg 1920w\" sizes=\"auto, (max-width: 1024px) 100vw, 1024px\" title=\"\"><\/a><\/div><time class=\"w-post-elm post_date usg_post_date_1 subtitle subtitle-13 has_text_color entry-date published\" datetime=\"2025-03-21T08:46:12+00:00\">21.03.2025<\/time><h4 class=\"w-post-elm post_title usg_post_title_1 has_text_color entry-title color_link_inherit\"><a href=\"https:\/\/viajur.sk\/en\/na-vinalies-internationales-paris-2025-triumfovali-aj-nase-ikony\/\">Na Vinalies Internationales Paris 2025 triumfovali aj na\u0161e ikony<\/a><\/h4><\/div>\t\t<\/div>\r\n\t\t\t<\/article>\r\n<\/div><div class=\"w-grid-carousel-json hidden\" onclick='return {&quot;carousel_settings&quot;:{&quot;aria_labels&quot;:{&quot;prev&quot;:&quot;Previous&quot;,&quot;next&quot;:&quot;Next&quot;},&quot;autoplayContinual&quot;:false,&quot;autoplayHoverPause&quot;:false,&quot;autoplayTimeout&quot;:3000,&quot;autoWidth&quot;:false,&quot;smartSpeed&quot;:350,&quot;margin&quot;:0,&quot;mouseDrag&quot;:true,&quot;rtl&quot;:false,&quot;slideBy&quot;:&quot;1&quot;,&quot;touchDrag&quot;:true,&quot;slideTransition&quot;:&quot;&quot;,&quot;responsive&quot;:{&quot;0&quot;:{&quot;autoHeight&quot;:false,&quot;autoplay&quot;:false,&quot;autoWidth&quot;:false,&quot;center&quot;:false,&quot;dots&quot;:false,&quot;items&quot;:1,&quot;loop&quot;:true,&quot;nav&quot;:false,&quot;stagePadding&quot;:0,&quot;slideBy&quot;:&quot;1&quot;},&quot;601&quot;:{&quot;autoHeight&quot;:false,&quot;autoplay&quot;:false,&quot;autoWidth&quot;:false,&quot;center&quot;:false,&quot;dots&quot;:false,&quot;items&quot;:2,&quot;loop&quot;:true,&quot;nav&quot;:false,&quot;stagePadding&quot;:0,&quot;slideBy&quot;:&quot;1&quot;},&quot;961&quot;:{&quot;autoHeight&quot;:false,&quot;autoplay&quot;:false,&quot;autoWidth&quot;:false,&quot;center&quot;:false,&quot;dots&quot;:false,&quot;items&quot;:3,&quot;loop&quot;:false,&quot;nav&quot;:false,&quot;stagePadding&quot;:0,&quot;slideBy&quot;:&quot;1&quot;},&quot;1201&quot;:{&quot;items&quot;:3,&quot;autoplay&quot;:false,&quot;center&quot;:false,&quot;dots&quot;:false,&quot;nav&quot;:false,&quot;autoHeight&quot;:false,&quot;autoWidth&quot;:false,&quot;loop&quot;:false,&quot;stagePadding&quot;:0}}}}'><\/div><\/div><\/div><\/div><\/div><\/div><\/section>\n","protected":false},"excerpt":{"rendered":"21.03.2025Na Vinalies Internationales Paris 2025 triumfovali aj na\u0161e ikony 31. ro\u010dn\u00edk jednej z najprest\u00ed\u017enej\u0161\u00edch medzin\u00e1rodn\u00fdch s\u00fa\u0165a\u017e\u00ed v\u00edn a destil\u00e1tov sa uskuto\u010dnil vo franc\u00fazskom Cannes. V konkurencii takmer 2700 vzoriek uspelo v\u0161etk\u00fdch na\u0161ich 6 prihl\u00e1sen\u00fdch v\u00edn. Ve\u013emi sa te\u0161\u00edme, \u017ee pr\u00e1ve Jursk\u00fd Riesling a\u00a0Riesling Liebling \u2013 dve na\u0161e ikony, ktor\u00e9 odkazuj\u00fa na hist\u00f3riu a\u00a0trad\u00edciu vin\u00e1rstva a\u00a0vinohradn\u00edctva...","protected":false},"author":2,"featured_media":1739,"comment_status":"open","ping_status":"open","sticky":false,"template":"","format":"standard","meta":{"footnotes":""},"categories":[1],"tags":[],"class_list":["post-1631","post","type-post","status-publish","format-standard","has-post-thumbnail","hentry","category-uncategorized-sk"],"_links":{"self":[{"href":"https:\/\/viajur.sk\/en\/wp-json\/wp\/v2\/posts\/1631","targetHints":{"allow":["GET"]}}],"collection":[{"href":"https:\/\/viajur.sk\/en\/wp-json\/wp\/v2\/posts"}],"about":[{"href":"https:\/\/viajur.sk\/en\/wp-json\/wp\/v2\/types\/post"}],"author":[{"embeddable":true,"href":"https:\/\/viajur.sk\/en\/wp-json\/wp\/v2\/users\/2"}],"replies":[{"embeddable":true,"href":"https:\/\/viajur.sk\/en\/wp-json\/wp\/v2\/comments?post=1631"}],"version-history":[{"count":0,"href":"https:\/\/viajur.sk\/en\/wp-json\/wp\/v2\/posts\/1631\/revisions"}],"wp:featuredmedia":[{"embeddable":true,"href":"https:\/\/viajur.sk\/en\/wp-json\/wp\/v2\/media\/1739"}],"wp:attachment":[{"href":"https:\/\/viajur.sk\/en\/wp-json\/wp\/v2\/media?parent=1631"}],"wp:term":[{"taxonomy":"category","embeddable":true,"href":"https:\/\/viajur.sk\/en\/wp-json\/wp\/v2\/categories?post=1631"},{"taxonomy":"post_tag","embeddable":true,"href":"https:\/\/viajur.sk\/en\/wp-json\/wp\/v2\/tags?post=1631"}],"curies":[{"name":"wp","href":"https:\/\/api.w.org\/{rel}","templated":true}]}}