{"id":2526,"date":"2024-06-12T06:53:54","date_gmt":"2024-06-12T06:53:54","guid":{"rendered":"https:\/\/viajur.sk\/?p=2526"},"modified":"2024-06-13T07:01:42","modified_gmt":"2024-06-13T07:01:42","slug":"prvy-rocnik-festivalu-cesta-farnou-do-viajur","status":"publish","type":"post","link":"https:\/\/viajur.sk\/en\/prvy-rocnik-festivalu-cesta-farnou-do-viajur\/","title":{"rendered":"Prv\u00fd ro\u010dn\u00edk festivalu Cesta Farnou do VIAJUR"},"content":{"rendered":"<section class=\"l-section wpb_row us_custom_53f2b3a3 height_medium\"><div class=\"l-section-h i-cf\"><div class=\"g-cols vc_row via_grid cols_1 laptops-cols_inherit tablets-cols_inherit mobiles-cols_1 valign_top type_default stacking_default\"><div class=\"wpb_column vc_column_container\"><div class=\"vc_column-inner\"><time class=\"w-post-elm post_date us_custom_703f3d0b subtitle subtitle-13 has_text_color entry-date published\" datetime=\"2024-06-12T06:53:54+00:00\" itemprop=\"datePublished\">12.06.2024<\/time><div class=\"wpb_text_column us_custom_744e166d has_text_color\"><div class=\"wpb_wrapper\"><h1>Prv\u00fd ro\u010dn\u00edk festivalu Cesta Farnou do VIAJUR<\/h1>\n<\/div><\/div><\/div><\/div><\/div><\/div><\/section><section class=\"l-section wpb_row us_custom_278d8c57 height_medium\"><div class=\"l-section-h i-cf\"><div class=\"g-cols vc_row via_grid cols_1 laptops-cols_inherit tablets-cols_inherit mobiles-cols_1 valign_top type_default stacking_default\"><div class=\"wpb_column vc_column_container\"><div class=\"vc_column-inner\"><div class=\"w-post-elm post_image us_custom_ce72d5ef vj_img_cover has_width has_height stretched\"><img loading=\"lazy\" decoding=\"async\" width=\"1024\" height=\"681\" src=\"https:\/\/viajur.sk\/wp-content\/uploads\/2024\/06\/2024-05-18_Viajur_Farna__240-1024x681.jpg\" class=\"attachment-large size-large wp-post-image\" alt=\"\" srcset=\"https:\/\/viajur.sk\/wp-content\/uploads\/2024\/06\/2024-05-18_Viajur_Farna__240-1024x681.jpg 1024w, https:\/\/viajur.sk\/wp-content\/uploads\/2024\/06\/2024-05-18_Viajur_Farna__240-300x200.jpg 300w\" sizes=\"auto, (max-width: 1024px) 100vw, 1024px\" title=\"\"><\/div><\/div><\/div><\/div><\/div><\/section><section class=\"l-section wpb_row us_custom_28cc7a0a height_medium width_custom\" style=\"--site-content-width:760px;\"><div class=\"l-section-h i-cf\"><div class=\"g-cols vc_row via_grid cols_1 laptops-cols_inherit tablets-cols_inherit mobiles-cols_1 valign_top type_default stacking_default\"><div class=\"wpb_column vc_column_container\"><div class=\"vc_column-inner\"><div class=\"wpb_text_column\"><div class=\"wpb_wrapper\"><p><strong>Dobr\u00e9 v\u00edno, jedlo, hudba, kult\u00fara, remesl\u00e1 a aktivity pre v\u0161etky vekov\u00e9 skupiny. Vinohradn\u00edcko-agroturistick\u00e1 usadlos\u0165 vin\u00e1rstva VIAJUR ofici\u00e1lne otvorila br\u00e1ny n\u00e1v\u0161tevn\u00edkom po\u010das festivalu Cesta Farnou do VIAJUR. A bohat\u00fd program pril\u00e1kal takmer 2500 n\u00e1v\u0161tevn\u00edkov a zvedavcov.<\/strong><\/p>\n<p>V dedinke Farn\u00e1 v Tekovskej vinohradn\u00edckej oblasti sa nach\u00e1dza vinohradn\u00edcko-agroturistick\u00e1 usadlos\u0165, ktor\u00e1 18. m\u00e1ja 2024 ofici\u00e1lne otvorila pre v\u0161etk\u00fdch. Jednod\u0148ov\u00fd festival pon\u00fakol okrem dobr\u00e9ho v\u00edna a jedla aj pestr\u00fd program a mo\u017enos\u0165 presk\u00fama\u0165 66 hekt\u00e1rov\u00fd are\u00e1l, ktor\u00fd sa n\u00e1v\u0161tevn\u00edkom odkryl vo v\u0161etkej svojej kr\u00e1se.<\/p>\n<\/div><\/div><\/div><\/div><\/div><\/div><\/section><section class=\"l-section wpb_row us_custom_278d8c57 height_medium width_custom\" style=\"--site-content-width:760px;\"><div class=\"l-section-h i-cf\"><div class=\"g-cols vc_row via_grid cols_1 laptops-cols_inherit tablets-cols_inherit mobiles-cols_1 valign_top type_default stacking_default\"><div class=\"wpb_column vc_column_container\"><div class=\"vc_column-inner\"><div class=\"w-image us_custom_a5d1978f vj_img_cover has_height align_none\"><div class=\"w-image-h\"><img decoding=\"async\" width=\"1024\" height=\"681\" src=\"https:\/\/viajur.sk\/wp-content\/uploads\/2024\/06\/2024-05-18_Viajur_Farna__258-1024x681.jpg\" class=\"attachment-large size-large\" alt=\"\" loading=\"lazy\" srcset=\"https:\/\/viajur.sk\/wp-content\/uploads\/2024\/06\/2024-05-18_Viajur_Farna__258-1024x681.jpg 1024w, https:\/\/viajur.sk\/wp-content\/uploads\/2024\/06\/2024-05-18_Viajur_Farna__258-300x200.jpg 300w\" sizes=\"auto, (max-width: 1024px) 100vw, 1024px\" title=\"\"><\/div><\/div><\/div><\/div><\/div><\/div><\/section><section class=\"l-section wpb_row us_custom_28cc7a0a height_medium width_custom\" style=\"--site-content-width:760px;\"><div class=\"l-section-h i-cf\"><div class=\"g-cols vc_row via_grid cols_1 laptops-cols_inherit tablets-cols_inherit mobiles-cols_1 valign_top type_default stacking_default\"><div class=\"wpb_column vc_column_container\"><div class=\"vc_column-inner\"><div class=\"wpb_text_column\"><div class=\"wpb_wrapper\"><p style=\"text-align: center;\"><strong>L\u00e1kadlom v\u00edno aj r\u00f4znorod\u00fd program<\/strong><\/p>\n<p>N\u00e1v\u0161tevn\u00edci mohli po\u010das kr\u00e1snej slne\u010dnej soboty degustova\u0165 to najlep\u0161ie z\u00a0ponuky vin\u00e1rstva VIAJUR ale aj <span style=\"text-decoration: underline;\"><a href=\"https:\/\/palffybrauerei.sk\/\" target=\"_blank\" rel=\"noopener\">remeseln\u00e9ho pivovaru P\u00e1lffy Brauerei<\/a><\/span> a <span style=\"text-decoration: underline;\"><a href=\"https:\/\/www.kastielpalffy.sk\/gastronomia-kastiela-palffy\/restauracia-palatin\/\" target=\"_blank\" rel=\"noopener\">gastron\u00f3mie Ka\u0161tie\u013ea P\u00e1lffy<\/a><\/span>. Z\u00e1bavu rozpr\u00fadili koncerty slovenskej kapely Polemic, ma\u010farskej kapely Anna and the Barbies a\u00a0DJ VIX. Kr\u00e1sy regi\u00f3nu odprezentovali lok\u00e1lni umelci a\u00a0remeseln\u00edci a\u00a0program pre cel\u00fa rodinu zabezpe\u010dilo slamen\u00e9 bludisko \u010di vyhliadkov\u00e9 jazdy na elektrick\u00fdch golfov\u00fdch aut\u00ed\u010dkach a autentickom traktore s\u00a0vle\u010dkou. Vo vinohradn\u00edckom dom\u010deku R\u00e9va si na svoje mohli pr\u00eds\u0165 milovn\u00edci \u0161pi\u010dkovej gastron\u00f3mie, a\u00a0to prostredn\u00edctvom \u0161peci\u00e1lneho trojchodov\u00e9ho menu. \u0160t\u00fdlov\u00e1 stodola bola zas odet\u00e1 do l\u00e1sky v\u010faka svadobnej v\u00fdstave, ktor\u00e1 odprezentovala mo\u017enosti konania sa svadieb v\u00a0tomto kr\u00e1snom idylickom prostred\u00ed. Cel\u00fdm d\u0148om sprev\u00e1dzal moder\u00e1tor Milan Junior Zimn\u00fdkoval. Rozmanit\u00fd program pomie\u0161al z\u00a0ka\u017ed\u00e9ho ro\u017eka tro\u0161ka, v\u010faka \u010domu pril\u00e1kal dom\u00e1cich aj turistov v\u0161etk\u00fdch vekov\u00fdch kateg\u00f3ri\u00ed.<\/p>\n<\/div><\/div><\/div><\/div><\/div><\/div><\/section><section class=\"l-section wpb_row us_custom_278d8c57 height_medium width_custom\" style=\"--site-content-width:760px;\"><div class=\"l-section-h i-cf\"><div class=\"g-cols vc_row via_grid cols_1 laptops-cols_inherit tablets-cols_inherit mobiles-cols_1 valign_top type_default stacking_default\"><div class=\"wpb_column vc_column_container\"><div class=\"vc_column-inner\"><div class=\"w-image us_custom_a5d1978f vj_img_cover has_height align_none\"><div class=\"w-image-h\"><img decoding=\"async\" width=\"1024\" height=\"681\" src=\"https:\/\/viajur.sk\/wp-content\/uploads\/2024\/06\/2024-05-18_Viajur_Farna__395-1024x681.jpg\" class=\"attachment-large size-large\" alt=\"\" loading=\"lazy\" srcset=\"https:\/\/viajur.sk\/wp-content\/uploads\/2024\/06\/2024-05-18_Viajur_Farna__395-1024x681.jpg 1024w, https:\/\/viajur.sk\/wp-content\/uploads\/2024\/06\/2024-05-18_Viajur_Farna__395-300x200.jpg 300w\" sizes=\"auto, (max-width: 1024px) 100vw, 1024px\" title=\"\"><\/div><\/div><\/div><\/div><\/div><\/div><\/section><section class=\"l-section wpb_row us_custom_28cc7a0a height_medium width_custom\" style=\"--site-content-width:760px;\"><div class=\"l-section-h i-cf\"><div class=\"g-cols vc_row via_grid cols_1 laptops-cols_inherit tablets-cols_inherit mobiles-cols_1 valign_top type_default stacking_default\"><div class=\"wpb_column vc_column_container\"><div class=\"vc_column-inner\"><div class=\"wpb_text_column\"><div class=\"wpb_wrapper\"><p style=\"text-align: center;\"><strong>Viac ako len vinohrady<\/strong><\/p>\n<p>Po\u010das otv\u00e1racieho d\u0148a mohli z\u00e1ujemcovia presk\u00fama\u0165 rozsah toho, \u010do are\u00e1l pon\u00faka. Potenci\u00e1l slnkom zaliateho regi\u00f3nu VIAJUR vyu\u017eilo naplno, v\u010faka \u010domu na tomto mieste n\u00e1v\u0161tevn\u00edci n\u00e1jdu aj naozaj <span style=\"text-decoration: underline;\"><a href=\"https:\/\/viajur.sk\/farna\/zazitky\/\">neo\u010dak\u00e1van\u00e9 z\u00e1\u017eitky<\/a><\/span>. Medzi tie patria <span style=\"text-decoration: underline;\"><a href=\"https:\/\/viajur.sk\/farna\/zazitky\/pikniky-a-grilovacky-vo-vinohradoch\/\">pikniky a grilova\u010dky vo vinohradoch<\/a><\/span>, <span style=\"text-decoration: underline;\"><a href=\"https:\/\/viajur.sk\/farna\/zazitky\/muzeum-traktorov\/\">prehliadky m\u00fazea historick\u00fdch traktorov<\/a><\/span> \u010di <a href=\"https:\/\/viajur.sk\/farna\/zazitky\/prehliadky-vinohradov-na-elektrickych-autickach\/\"><span style=\"text-decoration: underline;\">prehliadky<\/span> <span style=\"text-decoration: underline;\">usadlosti na elektrick\u00fdch aut\u00ed\u010dkach<\/span><\/a>. A ke\u010f\u017ee v\u00edno b\u00fdva \u010dasto sklo\u0148ovan\u00e9 s umen\u00edm, vo VIAJUR skrsol n\u00e1pad, ako ho s umeleck\u00fdm svetom pre\u0165a\u0165 nielen metaforicky. Charakter usadlosti preto dotv\u00e1ra nieko\u013eko <span style=\"text-decoration: underline;\"><a href=\"https:\/\/viajur.sk\/farna\/zazitky\/fotopointy-s-umeleckymi-dielami-s-vinarskou-tematikou\/\">nadrozmern\u00fdch diel s vin\u00e1rskou tematikou<\/a><\/span>. V\u0161etky pritom poch\u00e1dzaj\u00fa z dielne umeleck\u00e9ho kov\u00e1\u010da Juraja Vr\u00e1bela, ktor\u00fd je rod\u00e1kom pr\u00e1ve z Farnej. V\u00ednov\u00fa f\u013ea\u0161u s logom VIAJUR a demi\u017e\u00f3n s poh\u00e1rmi v\u00edna, t\u00fd\u010diaci sa pri vstupe do are\u00e1lu, dop\u013a\u0148a karafa. T\u00e1 sa nach\u00e1dza v jednej z najcennej\u0161\u00edch \u010dast\u00ed are\u00e1lu, a to v bl\u00edzkosti hniezd\u00edsk vz\u00e1cnych druhov vt\u00e1kov\u00a0 &#8211; v\u010del\u00e1rika zlat\u00e9ho a brehule hnedej, ktor\u00e9 hniezdia v pieskovcom brale. Najnov\u0161\u00edm pr\u00edrastkom, ktor\u00fd postupne na usadlosti vyrast\u00e1, s\u00fa unik\u00e1tne slne\u010dn\u00e9 hodiny. \u201eKa\u017ed\u00fd druh v\u00edna je vhodn\u00fd na in\u00fa \u010das\u0165 d\u0148a a na\u0161i n\u00e1v\u0161tevn\u00edci teraz v\u010faka na\u0161im slne\u010dn\u00fdm hodin\u00e1m bud\u00fa vedie\u0165, ktor\u00e9 si kedy vychutna\u0165,\u201c vysvet\u013euje princ\u00edp vin\u00e1rskych slne\u010dn\u00fdch hod\u00edn Tom\u00e1\u0161 Dilong, v\u00fdrobn\u00fd riadite\u013e vin\u00e1rstva VIAJUR.<\/p>\n<\/div><\/div><\/div><\/div><\/div><\/div><\/section><section class=\"l-section wpb_row us_custom_278d8c57 height_medium width_custom\" style=\"--site-content-width:760px;\"><div class=\"l-section-h i-cf\"><div class=\"g-cols vc_row via_grid cols_1 laptops-cols_inherit tablets-cols_inherit mobiles-cols_1 valign_top type_default stacking_default\"><div class=\"wpb_column vc_column_container\"><div class=\"vc_column-inner\"><div class=\"w-image us_custom_a5d1978f vj_img_cover has_height align_none\"><div class=\"w-image-h\"><img decoding=\"async\" width=\"1024\" height=\"681\" src=\"https:\/\/viajur.sk\/wp-content\/uploads\/2024\/06\/2024-05-18_Viajur_Farna__505-1024x681.jpg\" class=\"attachment-large size-large\" alt=\"\" loading=\"lazy\" srcset=\"https:\/\/viajur.sk\/wp-content\/uploads\/2024\/06\/2024-05-18_Viajur_Farna__505-1024x681.jpg 1024w, https:\/\/viajur.sk\/wp-content\/uploads\/2024\/06\/2024-05-18_Viajur_Farna__505-300x200.jpg 300w\" sizes=\"auto, (max-width: 1024px) 100vw, 1024px\" title=\"\"><\/div><\/div><\/div><\/div><\/div><\/div><\/section><section class=\"l-section wpb_row us_custom_28cc7a0a height_medium width_custom\" style=\"--site-content-width:760px;\"><div class=\"l-section-h i-cf\"><div class=\"g-cols vc_row via_grid cols_1 laptops-cols_inherit tablets-cols_inherit mobiles-cols_1 valign_top type_default stacking_default\"><div class=\"wpb_column vc_column_container\"><div class=\"vc_column-inner\"><div class=\"wpb_text_column\"><div class=\"wpb_wrapper\"><p>Prv\u00e1 akcia vzbudila v\u00a0regi\u00f3ne pozit\u00edvne ohlasy a\u00a0te\u0161\u00edme sa, \u017ee z\u00e1\u017eitky, ktor\u00e9 VIAJUR vo Farnej pon\u00faka, bud\u00fa v\u00a0priebehu roka dop\u013a\u0148a\u0165 aj \u010fal\u0161ie podujatia \u010di hudobn\u00e9 koncerty.<\/p>\n<\/div><\/div><\/div><\/div><\/div><\/div><\/section><section class=\"l-section wpb_row us_custom_8f8a13cb height_medium\"><div class=\"l-section-h i-cf\"><div class=\"g-cols vc_row via_grid cols_1 laptops-cols_inherit tablets-cols_inherit mobiles-cols_1 valign_top type_default stacking_default\"><div class=\"wpb_column vc_column_container\"><div class=\"vc_column-inner\"><div class=\"w-hwrapper vj_separator valign_middle align_center\" style=\"--hwrapper-gap:0rem\"><div class=\"w-image us_custom_569486ee has_height align_center\"><div class=\"w-image-h\"><img decoding=\"async\" width=\"1024\" height=\"1024\" src=\"https:\/\/viajur.sk\/wp-content\/uploads\/2024\/02\/viajur-logo-leaf.svg\" class=\"attachment-large size-large\" alt=\"\" loading=\"lazy\" title=\"\"><\/div><\/div><\/div><\/div><\/div><\/div><\/div><\/section><section class=\"l-section wpb_row us_custom_6b850a03 height_medium\"><div class=\"l-section-h i-cf\"><div class=\"g-cols vc_row via_grid cols_1 laptops-cols_inherit tablets-cols_inherit mobiles-cols_1 valign_top type_default stacking_default\"><div class=\"wpb_column vc_column_container\"><div class=\"vc_column-inner\"><div class=\"wpb_text_column us_custom_eb849559\"><div class=\"wpb_wrapper\"><h2>\u010eal\u0161ie \u010dl\u00e1nky<\/h2>\n<\/div><\/div><\/div><\/div><\/div><\/div><\/section><section class=\"l-section wpb_row us_custom_315e21be height_medium\"><div class=\"l-section-h i-cf\"><div class=\"g-cols vc_row via_grid cols_1 laptops-cols_inherit tablets-cols_inherit mobiles-cols_1 valign_top type_default stacking_default\"><div class=\"wpb_column vc_column_container\"><div class=\"vc_column-inner\"><div class=\"w-grid us_carousel type_carousel layout_1174 preload_style_spinner items_3\" id=\"us_grid_1\" style=\"--items:3;--gap:20px;\"><style>.layout_1174 .w-grid-item-h{}.layout_1174 .usg_vwrapper_1{width:100%!important;max-width:360px!important;margin-left:auto!important;margin-right:auto!important}.layout_1174 .usg_post_image_1{width:100%!important;height:270px!important;max-width:360px!important}.layout_1174 .usg_post_date_1{color:#C1825B!important;margin-top:20px!important;margin-bottom:5px!important}.layout_1174 .usg_post_title_1{color:#191717!important}<\/style><div class=\"w-grid-list owl-carousel valign_stretch dotstyle_circle navstyle_circle arrows-ver-pos_middle arrows-hor-pos_on_sides_outside arrows-disabled_hide owl-responsive-2000\" style=\"--transition-duration:350ms;\">\t<article class=\"w-grid-item post-2833 post type-post status-publish format-standard has-post-thumbnail hentry category-uncategorized-sk\" data-id=\"2833\">\r\n\t\t<div class=\"w-grid-item-h\">\r\n\t\t\t\t\t\t<div class=\"w-vwrapper usg_vwrapper_1 clickbox align_none valign_top\" style=\"--vwrapper-gap:0rem\"><div class=\"w-post-elm post_image usg_post_image_1 vj_img_cover vj_img_overlay has_width has_height stretched\"><a href=\"https:\/\/viajur.sk\/en\/livets-goda-svedsko-viajur-ako-skryty-klenot-slovenska\/\" aria-label=\"Livets Goda (\u0160v\u00e9dsko): VIAJUR ako \u201eskryt\u00fd klenot Slovenska\u201c\"><img loading=\"lazy\" decoding=\"async\" width=\"793\" height=\"1024\" src=\"https:\/\/viajur.sk\/wp-content\/uploads\/2025\/11\/img_1763630224663343-793x1024.jpeg\" class=\"attachment-large size-large wp-post-image\" alt=\"\" srcset=\"https:\/\/viajur.sk\/wp-content\/uploads\/2025\/11\/img_1763630224663343-793x1024.jpeg 793w, https:\/\/viajur.sk\/wp-content\/uploads\/2025\/11\/img_1763630224663343-232x300.jpeg 232w, https:\/\/viajur.sk\/wp-content\/uploads\/2025\/11\/img_1763630224663343-scaled.jpeg 1983w\" sizes=\"auto, (max-width: 793px) 100vw, 793px\" title=\"\"><\/a><\/div><time class=\"w-post-elm post_date usg_post_date_1 subtitle subtitle-13 has_text_color entry-date published\" datetime=\"2025-11-21T13:21:47+00:00\">21.11.2025<\/time><h4 class=\"w-post-elm post_title usg_post_title_1 has_text_color entry-title color_link_inherit\"><a href=\"https:\/\/viajur.sk\/en\/livets-goda-svedsko-viajur-ako-skryty-klenot-slovenska\/\">Livets Goda (\u0160v\u00e9dsko): VIAJUR ako \u201eskryt\u00fd klenot Slovenska\u201c<\/a><\/h4><\/div>\t\t<\/div>\r\n\t\t\t<\/article>\r\n\t<article class=\"w-grid-item post-2752 post type-post status-publish format-standard has-post-thumbnail hentry category-uncategorized-sk\" data-id=\"2752\">\r\n\t\t<div class=\"w-grid-item-h\">\r\n\t\t\t\t\t\t<div class=\"w-vwrapper usg_vwrapper_1 clickbox align_none valign_top\" style=\"--vwrapper-gap:0rem\"><div class=\"w-post-elm post_image usg_post_image_1 vj_img_cover vj_img_overlay has_width has_height stretched\"><a href=\"https:\/\/viajur.sk\/en\/den-otvorenych-dveri\/\" aria-label=\"De\u0148 otvoren\u00fdch dver\u00ed\"><img loading=\"lazy\" decoding=\"async\" width=\"1024\" height=\"1024\" src=\"https:\/\/viajur.sk\/wp-content\/uploads\/2025\/09\/1200x1200-copy-2-1024x1024.jpg\" class=\"attachment-large size-large wp-post-image\" alt=\"\" srcset=\"https:\/\/viajur.sk\/wp-content\/uploads\/2025\/09\/1200x1200-copy-2-1024x1024.jpg 1024w, https:\/\/viajur.sk\/wp-content\/uploads\/2025\/09\/1200x1200-copy-2-300x300.jpg 300w, https:\/\/viajur.sk\/wp-content\/uploads\/2025\/09\/1200x1200-copy-2-150x150.jpg 150w, https:\/\/viajur.sk\/wp-content\/uploads\/2025\/09\/1200x1200-copy-2.jpg 1920w\" sizes=\"auto, (max-width: 1024px) 100vw, 1024px\" title=\"\"><\/a><\/div><time class=\"w-post-elm post_date usg_post_date_1 subtitle subtitle-13 has_text_color entry-date published\" datetime=\"2025-09-02T08:06:22+00:00\">02.09.2025<\/time><h4 class=\"w-post-elm post_title usg_post_title_1 has_text_color entry-title color_link_inherit\"><a href=\"https:\/\/viajur.sk\/en\/den-otvorenych-dveri\/\">De\u0148 otvoren\u00fdch dver\u00ed<\/a><\/h4><\/div>\t\t<\/div>\r\n\t\t\t<\/article>\r\n\t<article class=\"w-grid-item post-2663 post type-post status-publish format-standard has-post-thumbnail hentry category-uncategorized-sk\" data-id=\"2663\">\r\n\t\t<div class=\"w-grid-item-h\">\r\n\t\t\t\t\t\t<div class=\"w-vwrapper usg_vwrapper_1 clickbox align_none valign_top\" style=\"--vwrapper-gap:0rem\"><div class=\"w-post-elm post_image usg_post_image_1 vj_img_cover vj_img_overlay has_width has_height stretched\"><a href=\"https:\/\/viajur.sk\/en\/na-vinalies-internationales-paris-2025-triumfovali-aj-nase-ikony\/\" aria-label=\"Na Vinalies Internationales Paris 2025 triumfovali aj na\u0161e ikony\"><img loading=\"lazy\" decoding=\"async\" width=\"1024\" height=\"683\" src=\"https:\/\/viajur.sk\/wp-content\/uploads\/2025\/03\/vinalies_zlate_vina_2025_webka-1-1024x683.jpg\" class=\"attachment-large size-large wp-post-image\" alt=\"\" srcset=\"https:\/\/viajur.sk\/wp-content\/uploads\/2025\/03\/vinalies_zlate_vina_2025_webka-1-1024x683.jpg 1024w, https:\/\/viajur.sk\/wp-content\/uploads\/2025\/03\/vinalies_zlate_vina_2025_webka-1-300x200.jpg 300w, https:\/\/viajur.sk\/wp-content\/uploads\/2025\/03\/vinalies_zlate_vina_2025_webka-1.jpg 1920w\" sizes=\"auto, (max-width: 1024px) 100vw, 1024px\" title=\"\"><\/a><\/div><time class=\"w-post-elm post_date usg_post_date_1 subtitle subtitle-13 has_text_color entry-date published\" datetime=\"2025-03-21T08:46:12+00:00\">21.03.2025<\/time><h4 class=\"w-post-elm post_title usg_post_title_1 has_text_color entry-title color_link_inherit\"><a href=\"https:\/\/viajur.sk\/en\/na-vinalies-internationales-paris-2025-triumfovali-aj-nase-ikony\/\">Na Vinalies Internationales Paris 2025 triumfovali aj na\u0161e ikony<\/a><\/h4><\/div>\t\t<\/div>\r\n\t\t\t<\/article>\r\n<\/div><div class=\"w-grid-carousel-json hidden\" onclick='return {&quot;carousel_settings&quot;:{&quot;aria_labels&quot;:{&quot;prev&quot;:&quot;Previous&quot;,&quot;next&quot;:&quot;Next&quot;},&quot;autoplayContinual&quot;:false,&quot;autoplayHoverPause&quot;:false,&quot;autoplayTimeout&quot;:3000,&quot;autoWidth&quot;:false,&quot;smartSpeed&quot;:350,&quot;margin&quot;:0,&quot;mouseDrag&quot;:true,&quot;rtl&quot;:false,&quot;slideBy&quot;:&quot;1&quot;,&quot;touchDrag&quot;:true,&quot;slideTransition&quot;:&quot;&quot;,&quot;responsive&quot;:{&quot;0&quot;:{&quot;autoHeight&quot;:false,&quot;autoplay&quot;:false,&quot;autoWidth&quot;:false,&quot;center&quot;:false,&quot;dots&quot;:false,&quot;items&quot;:1,&quot;loop&quot;:true,&quot;nav&quot;:false,&quot;stagePadding&quot;:0,&quot;slideBy&quot;:&quot;1&quot;},&quot;601&quot;:{&quot;autoHeight&quot;:false,&quot;autoplay&quot;:false,&quot;autoWidth&quot;:false,&quot;center&quot;:false,&quot;dots&quot;:false,&quot;items&quot;:2,&quot;loop&quot;:true,&quot;nav&quot;:false,&quot;stagePadding&quot;:0,&quot;slideBy&quot;:&quot;1&quot;},&quot;961&quot;:{&quot;autoHeight&quot;:false,&quot;autoplay&quot;:false,&quot;autoWidth&quot;:false,&quot;center&quot;:false,&quot;dots&quot;:false,&quot;items&quot;:3,&quot;loop&quot;:false,&quot;nav&quot;:false,&quot;stagePadding&quot;:0,&quot;slideBy&quot;:&quot;1&quot;},&quot;1201&quot;:{&quot;items&quot;:3,&quot;autoplay&quot;:false,&quot;center&quot;:false,&quot;dots&quot;:false,&quot;nav&quot;:false,&quot;autoHeight&quot;:false,&quot;autoWidth&quot;:false,&quot;loop&quot;:false,&quot;stagePadding&quot;:0}}}}'><\/div><\/div><\/div><\/div><\/div><\/div><\/section>\n","protected":false},"excerpt":{"rendered":"21.03.2025Na Vinalies Internationales Paris 2025 triumfovali aj na\u0161e ikony 31. ro\u010dn\u00edk jednej z najprest\u00ed\u017enej\u0161\u00edch medzin\u00e1rodn\u00fdch s\u00fa\u0165a\u017e\u00ed v\u00edn a destil\u00e1tov sa uskuto\u010dnil vo franc\u00fazskom Cannes. V konkurencii takmer 2700 vzoriek uspelo v\u0161etk\u00fdch na\u0161ich 6 prihl\u00e1sen\u00fdch v\u00edn. Ve\u013emi sa te\u0161\u00edme, \u017ee pr\u00e1ve Jursk\u00fd Riesling a\u00a0Riesling Liebling \u2013 dve na\u0161e ikony, ktor\u00e9 odkazuj\u00fa na hist\u00f3riu a\u00a0trad\u00edciu vin\u00e1rstva a\u00a0vinohradn\u00edctva...","protected":false},"author":2,"featured_media":2515,"comment_status":"open","ping_status":"open","sticky":false,"template":"","format":"standard","meta":{"footnotes":""},"categories":[1],"tags":[],"class_list":["post-2526","post","type-post","status-publish","format-standard","has-post-thumbnail","hentry","category-uncategorized-sk"],"_links":{"self":[{"href":"https:\/\/viajur.sk\/en\/wp-json\/wp\/v2\/posts\/2526","targetHints":{"allow":["GET"]}}],"collection":[{"href":"https:\/\/viajur.sk\/en\/wp-json\/wp\/v2\/posts"}],"about":[{"href":"https:\/\/viajur.sk\/en\/wp-json\/wp\/v2\/types\/post"}],"author":[{"embeddable":true,"href":"https:\/\/viajur.sk\/en\/wp-json\/wp\/v2\/users\/2"}],"replies":[{"embeddable":true,"href":"https:\/\/viajur.sk\/en\/wp-json\/wp\/v2\/comments?post=2526"}],"version-history":[{"count":0,"href":"https:\/\/viajur.sk\/en\/wp-json\/wp\/v2\/posts\/2526\/revisions"}],"wp:featuredmedia":[{"embeddable":true,"href":"https:\/\/viajur.sk\/en\/wp-json\/wp\/v2\/media\/2515"}],"wp:attachment":[{"href":"https:\/\/viajur.sk\/en\/wp-json\/wp\/v2\/media?parent=2526"}],"wp:term":[{"taxonomy":"category","embeddable":true,"href":"https:\/\/viajur.sk\/en\/wp-json\/wp\/v2\/categories?post=2526"},{"taxonomy":"post_tag","embeddable":true,"href":"https:\/\/viajur.sk\/en\/wp-json\/wp\/v2\/tags?post=2526"}],"curies":[{"name":"wp","href":"https:\/\/api.w.org\/{rel}","templated":true}]}}